{"id":6171,"date":"2013-02-01T21:31:37","date_gmt":"2013-02-02T02:31:37","guid":{"rendered":"https:\/\/www.bernierfournieravocats.com\/?p=6171"},"modified":"2026-04-24T11:38:34","modified_gmt":"2026-04-24T15:38:34","slug":"lance-armstrong-the-cycling-champion-could-get-away-with-penal-charges-2","status":"publish","type":"post","link":"https:\/\/www.bernierfournieravocats.com\/en\/publications\/2013\/02\/01\/lance-armstrong-the-cycling-champion-could-get-away-with-penal-charges-2\/","title":{"rendered":"Lance Armstrong: Could U.S. Charges Be Time-Barred?"},"content":{"rendered":"<p>Lance Armstrong, the cycling champion, could get away with penal charges.<\/p>\n<p>Indeed, some American lawyers believe prosecutors may drop charges against Lance Armstrong due to limitation period prescribed by US penal law.<\/p>\n<p>In fact, when it comes to charges related to illegal possession and distribution of steroids, human growth hormone and related performance-enhancer, US federal law provides a five (5) year limitation period. Moreover, US federal law also carries a five (5) year limitation period for conspiracy and racketeering. Therefore, since Lance Armstrong\u2019s former fellow Floyd Landis\u2019 claims relate to activities that happened between 2002 and 2004, penal charges for Lance Armstrong wrongdoing are very likely to be barred.<\/p>\n<p>However, US federal law also provides some specific conditions under which if respected the five (5) year limitation period may be extended.<\/p>\n<p>Finally, it should be noted that some of Floyd Landis\u2019 allegations might relate to much more recent activities. On that point, statute of limitations would not bar prosecutors from laying charges against Lance Armstrong and US court could therefore impose appropriate sentencing for Lance Armstrong\u2019s misbehaviour.<\/p>\n<p>In Canada, there exists no such limitation period for charges laid in accordance with the Criminal Code of Canada except in cases where the prosecutor proceeds by summary conviction where the Criminal Code of Canada provides a six (6) month limitation period in most cases. Finally, similarly to the US federal legislation for penal charges, Quebec penal legislation provides a one (1) year limitation period subject to exceptions.<\/p>\n<p>You might also want to look at the following:<\/p>\n<ul>\n<li>https:\/\/www.mensjournal.com\/magazine\/is-lance-armstrong-finished-fighting-20120614<\/li>\n<li><a href=\"https:\/\/somerandomthursday.blogspot.ca\/2012\/06\/lance-and-law-part-2-statutes-of.html#!\/\">https:\/\/somerandomthursday.blogspot.ca\/2012\/06\/lance-and-law-part-2-statutes-of.html#!\/<\/a><\/li>\n<\/ul>\n<p>&nbsp;<\/p>\n<p>&nbsp;<\/p>\n","protected":false},"excerpt":{"rendered":"Lance Armstrong, the cycling champion, could get away with penal charges. Indeed, some American lawyers believe prosecutors may drop charges against Lance Armstrong due to limitation period prescribed by US penal law. In fact, when it comes to charges related to illegal possession and distribution of steroids, human growth hormone and related performance-enhancer, US federal&#8230; <a class=\"view-article\" href=\"https:\/\/www.bernierfournieravocats.com\/en\/publications\/2013\/02\/01\/lance-armstrong-the-cycling-champion-could-get-away-with-penal-charges-2\/\">View Article<\/a>","protected":false},"author":10,"featured_media":11922,"comment_status":"closed","ping_status":"closed","sticky":false,"template":"","format":"standard","meta":{"_acf_changed":false,"footnotes":""},"categories":[56],"tags":[60,58,59],"class_list":["post-6171","post","type-post","status-publish","format-standard","has-post-thumbnail","hentry","category-publications","tag-could-get-away-with-penal-charges","tag-lance-armstrong","tag-the-cycling-champion"],"acf":[],"yoast_head":"<!-- This site is optimized with the Yoast SEO plugin v27.0 - https:\/\/yoast.com\/product\/yoast-seo-wordpress\/ -->\n<title>Lance Armstrong: Could U.S. Charges Be Time-Barred? - Bernier Fournier Inc. - Drummondville Lawyers<\/title>\n<meta name=\"description\" content=\"Indeed, some American lawyers believe prosecutors may drop charges against Lance Armstrong due to limitation period prescribed by US penal law.\" \/>\n<meta name=\"robots\" content=\"index, follow, max-snippet:-1, max-image-preview:large, max-video-preview:-1\" \/>\n<link rel=\"canonical\" href=\"https:\/\/www.bernierfournieravocats.com\/en\/publications\/2013\/02\/01\/lance-armstrong-the-cycling-champion-could-get-away-with-penal-charges-2\/\" \/>\n<meta property=\"og:locale\" content=\"en_US\" \/>\n<meta property=\"og:type\" content=\"article\" \/>\n<meta property=\"og:title\" content=\"Lance Armstrong: Could U.S. Charges Be Time-Barred? - Bernier Fournier Inc. - Drummondville Lawyers\" \/>\n<meta property=\"og:description\" content=\"Indeed, some American lawyers believe prosecutors may drop charges against Lance Armstrong due to limitation period prescribed by US penal law.\" \/>\n<meta property=\"og:url\" content=\"https:\/\/www.bernierfournieravocats.com\/en\/publications\/2013\/02\/01\/lance-armstrong-the-cycling-champion-could-get-away-with-penal-charges-2\/\" \/>\n<meta property=\"og:site_name\" content=\"Bernier Fournier Inc. - Drummondville Lawyers\" \/>\n<meta property=\"article:publisher\" content=\"https:\/\/www.facebook.com\/BernierFournier\/\" \/>\n<meta property=\"article:published_time\" content=\"2013-02-02T02:31:37+00:00\" \/>\n<meta property=\"article:modified_time\" content=\"2026-04-24T15:38:34+00:00\" \/>\n<meta property=\"og:image\" content=\"https:\/\/www.bernierfournieravocats.com\/wp-content\/uploads\/2014\/06\/MaximeLauziereHD2017-e1502312261617.jpg\" \/>\n\t<meta property=\"og:image:width\" content=\"4969\" \/>\n\t<meta property=\"og:image:height\" content=\"5031\" \/>\n\t<meta property=\"og:image:type\" content=\"image\/jpeg\" \/>\n<meta name=\"author\" content=\"Me Maxime Lauziere\" \/>\n<meta name=\"twitter:card\" content=\"summary_large_image\" \/>\n<meta name=\"twitter:creator\" content=\"@MaxLauziere\" \/>\n<meta name=\"twitter:site\" content=\"@BernierFournier\" \/>\n<meta name=\"twitter:label1\" content=\"Written by\" \/>\n\t<meta name=\"twitter:data1\" content=\"Me Maxime Lauziere\" \/>\n\t<meta name=\"twitter:label2\" content=\"Est. reading time\" \/>\n\t<meta name=\"twitter:data2\" content=\"2 minutes\" \/>\n<script type=\"application\/ld+json\" class=\"yoast-schema-graph\">{\"@context\":\"https:\/\/schema.org\",\"@graph\":[{\"@type\":\"Article\",\"@id\":\"https:\/\/www.bernierfournieravocats.com\/en\/publications\/2013\/02\/01\/lance-armstrong-the-cycling-champion-could-get-away-with-penal-charges-2\/#article\",\"isPartOf\":{\"@id\":\"https:\/\/www.bernierfournieravocats.com\/en\/publications\/2013\/02\/01\/lance-armstrong-the-cycling-champion-could-get-away-with-penal-charges-2\/\"},\"author\":{\"name\":\"Me Maxime Lauziere\",\"@id\":\"https:\/\/www.bernierfournieravocats.com\/en\/#\/schema\/person\/0da6cc639802576700ed9150a76b6748\"},\"headline\":\"Lance Armstrong: Could U.S. Charges Be Time-Barred?\",\"datePublished\":\"2013-02-02T02:31:37+00:00\",\"dateModified\":\"2026-04-24T15:38:34+00:00\",\"mainEntityOfPage\":{\"@id\":\"https:\/\/www.bernierfournieravocats.com\/en\/publications\/2013\/02\/01\/lance-armstrong-the-cycling-champion-could-get-away-with-penal-charges-2\/\"},\"wordCount\":272,\"publisher\":{\"@id\":\"https:\/\/www.bernierfournieravocats.com\/en\/#organization\"},\"image\":{\"@id\":\"https:\/\/www.bernierfournieravocats.com\/en\/publications\/2013\/02\/01\/lance-armstrong-the-cycling-champion-could-get-away-with-penal-charges-2\/#primaryimage\"},\"thumbnailUrl\":\"https:\/\/www.bernierfournieravocats.com\/wp-content\/uploads\/2014\/06\/MaximeLauziereHD2017-e1502312261617.jpg\",\"keywords\":[\"could get away with penal charges.\",\"Lance Armstrong\",\"the cycling champion\"],\"articleSection\":[\"Publications\"],\"inLanguage\":\"en-CA\"},{\"@type\":\"WebPage\",\"@id\":\"https:\/\/www.bernierfournieravocats.com\/en\/publications\/2013\/02\/01\/lance-armstrong-the-cycling-champion-could-get-away-with-penal-charges-2\/\",\"url\":\"https:\/\/www.bernierfournieravocats.com\/en\/publications\/2013\/02\/01\/lance-armstrong-the-cycling-champion-could-get-away-with-penal-charges-2\/\",\"name\":\"Lance Armstrong: Could U.S. Charges Be Time-Barred? - Bernier Fournier Inc. - Drummondville Lawyers\",\"isPartOf\":{\"@id\":\"https:\/\/www.bernierfournieravocats.com\/en\/#website\"},\"primaryImageOfPage\":{\"@id\":\"https:\/\/www.bernierfournieravocats.com\/en\/publications\/2013\/02\/01\/lance-armstrong-the-cycling-champion-could-get-away-with-penal-charges-2\/#primaryimage\"},\"image\":{\"@id\":\"https:\/\/www.bernierfournieravocats.com\/en\/publications\/2013\/02\/01\/lance-armstrong-the-cycling-champion-could-get-away-with-penal-charges-2\/#primaryimage\"},\"thumbnailUrl\":\"https:\/\/www.bernierfournieravocats.com\/wp-content\/uploads\/2014\/06\/MaximeLauziereHD2017-e1502312261617.jpg\",\"datePublished\":\"2013-02-02T02:31:37+00:00\",\"dateModified\":\"2026-04-24T15:38:34+00:00\",\"description\":\"Indeed, some American lawyers believe prosecutors may drop charges against Lance Armstrong due to limitation period prescribed by US penal law.\",\"breadcrumb\":{\"@id\":\"https:\/\/www.bernierfournieravocats.com\/en\/publications\/2013\/02\/01\/lance-armstrong-the-cycling-champion-could-get-away-with-penal-charges-2\/#breadcrumb\"},\"inLanguage\":\"en-CA\",\"potentialAction\":[{\"@type\":\"ReadAction\",\"target\":[\"https:\/\/www.bernierfournieravocats.com\/en\/publications\/2013\/02\/01\/lance-armstrong-the-cycling-champion-could-get-away-with-penal-charges-2\/\"]}]},{\"@type\":\"ImageObject\",\"inLanguage\":\"en-CA\",\"@id\":\"https:\/\/www.bernierfournieravocats.com\/en\/publications\/2013\/02\/01\/lance-armstrong-the-cycling-champion-could-get-away-with-penal-charges-2\/#primaryimage\",\"url\":\"https:\/\/www.bernierfournieravocats.com\/wp-content\/uploads\/2014\/06\/MaximeLauziereHD2017-e1502312261617.jpg\",\"contentUrl\":\"https:\/\/www.bernierfournieravocats.com\/wp-content\/uploads\/2014\/06\/MaximeLauziereHD2017-e1502312261617.jpg\",\"width\":4969,\"height\":5031,\"caption\":\"Me Maxime Lauzi\u00e8re, LL.B, LL.M, B.A., repr\u00e9sentant du cabinet d'avocats sp\u00e9cialis\u00e9 en droit des affaires \u00e0 Drummondville.\"},{\"@type\":\"BreadcrumbList\",\"@id\":\"https:\/\/www.bernierfournieravocats.com\/en\/publications\/2013\/02\/01\/lance-armstrong-the-cycling-champion-could-get-away-with-penal-charges-2\/#breadcrumb\",\"itemListElement\":[{\"@type\":\"ListItem\",\"position\":1,\"name\":\"Home\",\"item\":\"https:\/\/www.bernierfournieravocats.com\/en\/\"},{\"@type\":\"ListItem\",\"position\":2,\"name\":\"Lance Armstrong: Could U.S. Charges Be Time-Barred?\"}]},{\"@type\":\"WebSite\",\"@id\":\"https:\/\/www.bernierfournieravocats.com\/en\/#website\",\"url\":\"https:\/\/www.bernierfournieravocats.com\/en\/\",\"name\":\"Bernier Fournier Inc. - Avocats Drummondville\",\"description\":\"Un cabinet d&#039;avocats passionn\u00e9s, investis et engag\u00e9s\",\"publisher\":{\"@id\":\"https:\/\/www.bernierfournieravocats.com\/en\/#organization\"},\"potentialAction\":[{\"@type\":\"SearchAction\",\"target\":{\"@type\":\"EntryPoint\",\"urlTemplate\":\"https:\/\/www.bernierfournieravocats.com\/en\/?s={search_term_string}\"},\"query-input\":{\"@type\":\"PropertyValueSpecification\",\"valueRequired\":true,\"valueName\":\"search_term_string\"}}],\"inLanguage\":\"en-CA\"},{\"@type\":\"Organization\",\"@id\":\"https:\/\/www.bernierfournieravocats.com\/en\/#organization\",\"name\":\"Bernier Fournier Avocats\",\"url\":\"https:\/\/www.bernierfournieravocats.com\/en\/\",\"logo\":{\"@type\":\"ImageObject\",\"inLanguage\":\"en-CA\",\"@id\":\"https:\/\/www.bernierfournieravocats.com\/en\/#\/schema\/logo\/image\/\",\"url\":\"https:\/\/www.bernierfournieravocats.com\/wp-content\/uploads\/2021\/06\/logobf-new.png\",\"contentUrl\":\"https:\/\/www.bernierfournieravocats.com\/wp-content\/uploads\/2021\/06\/logobf-new.png\",\"width\":249,\"height\":249,\"caption\":\"Bernier Fournier Avocats\"},\"image\":{\"@id\":\"https:\/\/www.bernierfournieravocats.com\/en\/#\/schema\/logo\/image\/\"},\"sameAs\":[\"https:\/\/www.facebook.com\/BernierFournier\/\",\"https:\/\/x.com\/BernierFournier\",\"https:\/\/www.linkedin.com\/company\/bernier-fournier\"]},{\"@type\":\"Person\",\"@id\":\"https:\/\/www.bernierfournieravocats.com\/en\/#\/schema\/person\/0da6cc639802576700ed9150a76b6748\",\"name\":\"Me Maxime Lauziere\",\"image\":{\"@type\":\"ImageObject\",\"inLanguage\":\"en-CA\",\"@id\":\"https:\/\/www.bernierfournieravocats.com\/en\/#\/schema\/person\/image\/\",\"url\":\"https:\/\/secure.gravatar.com\/avatar\/78d446cc330411aef4074c85da7fbcadda4072aa132f06bc38e82ffcbc33481c?s=96&d=mm&r=g\",\"contentUrl\":\"https:\/\/secure.gravatar.com\/avatar\/78d446cc330411aef4074c85da7fbcadda4072aa132f06bc38e82ffcbc33481c?s=96&d=mm&r=g\",\"caption\":\"Me Maxime Lauziere\"},\"sameAs\":[\"https:\/\/www.bernierfournieravocats.com\/notre-equipe-avocat-drummondville\/me-maxime-lauziere\/\",\"https:\/\/x.com\/MaxLauziere\"],\"url\":\"https:\/\/www.bernierfournieravocats.com\/en\/author\/mlauziere\/\"}]}<\/script>\n<!-- \/ Yoast SEO plugin. -->","yoast_head_json":{"title":"Lance Armstrong: Could U.S. Charges Be Time-Barred? - Bernier Fournier Inc. - Drummondville Lawyers","description":"Indeed, some American lawyers believe prosecutors may drop charges against Lance Armstrong due to limitation period prescribed by US penal law.","robots":{"index":"index","follow":"follow","max-snippet":"max-snippet:-1","max-image-preview":"max-image-preview:large","max-video-preview":"max-video-preview:-1"},"canonical":"https:\/\/www.bernierfournieravocats.com\/en\/publications\/2013\/02\/01\/lance-armstrong-the-cycling-champion-could-get-away-with-penal-charges-2\/","og_locale":"en_US","og_type":"article","og_title":"Lance Armstrong: Could U.S. Charges Be Time-Barred? - Bernier Fournier Inc. - Drummondville Lawyers","og_description":"Indeed, some American lawyers believe prosecutors may drop charges against Lance Armstrong due to limitation period prescribed by US penal law.","og_url":"https:\/\/www.bernierfournieravocats.com\/en\/publications\/2013\/02\/01\/lance-armstrong-the-cycling-champion-could-get-away-with-penal-charges-2\/","og_site_name":"Bernier Fournier Inc. - Drummondville Lawyers","article_publisher":"https:\/\/www.facebook.com\/BernierFournier\/","article_published_time":"2013-02-02T02:31:37+00:00","article_modified_time":"2026-04-24T15:38:34+00:00","og_image":[{"width":4969,"height":5031,"url":"https:\/\/www.bernierfournieravocats.com\/wp-content\/uploads\/2014\/06\/MaximeLauziereHD2017-e1502312261617.jpg","type":"image\/jpeg"}],"author":"Me Maxime Lauziere","twitter_card":"summary_large_image","twitter_creator":"@MaxLauziere","twitter_site":"@BernierFournier","twitter_misc":{"Written by":"Me Maxime Lauziere","Est. reading time":"2 minutes"},"schema":{"@context":"https:\/\/schema.org","@graph":[{"@type":"Article","@id":"https:\/\/www.bernierfournieravocats.com\/en\/publications\/2013\/02\/01\/lance-armstrong-the-cycling-champion-could-get-away-with-penal-charges-2\/#article","isPartOf":{"@id":"https:\/\/www.bernierfournieravocats.com\/en\/publications\/2013\/02\/01\/lance-armstrong-the-cycling-champion-could-get-away-with-penal-charges-2\/"},"author":{"name":"Me Maxime Lauziere","@id":"https:\/\/www.bernierfournieravocats.com\/en\/#\/schema\/person\/0da6cc639802576700ed9150a76b6748"},"headline":"Lance Armstrong: Could U.S. Charges Be Time-Barred?","datePublished":"2013-02-02T02:31:37+00:00","dateModified":"2026-04-24T15:38:34+00:00","mainEntityOfPage":{"@id":"https:\/\/www.bernierfournieravocats.com\/en\/publications\/2013\/02\/01\/lance-armstrong-the-cycling-champion-could-get-away-with-penal-charges-2\/"},"wordCount":272,"publisher":{"@id":"https:\/\/www.bernierfournieravocats.com\/en\/#organization"},"image":{"@id":"https:\/\/www.bernierfournieravocats.com\/en\/publications\/2013\/02\/01\/lance-armstrong-the-cycling-champion-could-get-away-with-penal-charges-2\/#primaryimage"},"thumbnailUrl":"https:\/\/www.bernierfournieravocats.com\/wp-content\/uploads\/2014\/06\/MaximeLauziereHD2017-e1502312261617.jpg","keywords":["could get away with penal charges.","Lance Armstrong","the cycling champion"],"articleSection":["Publications"],"inLanguage":"en-CA"},{"@type":"WebPage","@id":"https:\/\/www.bernierfournieravocats.com\/en\/publications\/2013\/02\/01\/lance-armstrong-the-cycling-champion-could-get-away-with-penal-charges-2\/","url":"https:\/\/www.bernierfournieravocats.com\/en\/publications\/2013\/02\/01\/lance-armstrong-the-cycling-champion-could-get-away-with-penal-charges-2\/","name":"Lance Armstrong: Could U.S. Charges Be Time-Barred? - Bernier Fournier Inc. - Drummondville Lawyers","isPartOf":{"@id":"https:\/\/www.bernierfournieravocats.com\/en\/#website"},"primaryImageOfPage":{"@id":"https:\/\/www.bernierfournieravocats.com\/en\/publications\/2013\/02\/01\/lance-armstrong-the-cycling-champion-could-get-away-with-penal-charges-2\/#primaryimage"},"image":{"@id":"https:\/\/www.bernierfournieravocats.com\/en\/publications\/2013\/02\/01\/lance-armstrong-the-cycling-champion-could-get-away-with-penal-charges-2\/#primaryimage"},"thumbnailUrl":"https:\/\/www.bernierfournieravocats.com\/wp-content\/uploads\/2014\/06\/MaximeLauziereHD2017-e1502312261617.jpg","datePublished":"2013-02-02T02:31:37+00:00","dateModified":"2026-04-24T15:38:34+00:00","description":"Indeed, some American lawyers believe prosecutors may drop charges against Lance Armstrong due to limitation period prescribed by US penal law.","breadcrumb":{"@id":"https:\/\/www.bernierfournieravocats.com\/en\/publications\/2013\/02\/01\/lance-armstrong-the-cycling-champion-could-get-away-with-penal-charges-2\/#breadcrumb"},"inLanguage":"en-CA","potentialAction":[{"@type":"ReadAction","target":["https:\/\/www.bernierfournieravocats.com\/en\/publications\/2013\/02\/01\/lance-armstrong-the-cycling-champion-could-get-away-with-penal-charges-2\/"]}]},{"@type":"ImageObject","inLanguage":"en-CA","@id":"https:\/\/www.bernierfournieravocats.com\/en\/publications\/2013\/02\/01\/lance-armstrong-the-cycling-champion-could-get-away-with-penal-charges-2\/#primaryimage","url":"https:\/\/www.bernierfournieravocats.com\/wp-content\/uploads\/2014\/06\/MaximeLauziereHD2017-e1502312261617.jpg","contentUrl":"https:\/\/www.bernierfournieravocats.com\/wp-content\/uploads\/2014\/06\/MaximeLauziereHD2017-e1502312261617.jpg","width":4969,"height":5031,"caption":"Me Maxime Lauzi\u00e8re, LL.B, LL.M, B.A., repr\u00e9sentant du cabinet d'avocats sp\u00e9cialis\u00e9 en droit des affaires \u00e0 Drummondville."},{"@type":"BreadcrumbList","@id":"https:\/\/www.bernierfournieravocats.com\/en\/publications\/2013\/02\/01\/lance-armstrong-the-cycling-champion-could-get-away-with-penal-charges-2\/#breadcrumb","itemListElement":[{"@type":"ListItem","position":1,"name":"Home","item":"https:\/\/www.bernierfournieravocats.com\/en\/"},{"@type":"ListItem","position":2,"name":"Lance Armstrong: Could U.S. Charges Be Time-Barred?"}]},{"@type":"WebSite","@id":"https:\/\/www.bernierfournieravocats.com\/en\/#website","url":"https:\/\/www.bernierfournieravocats.com\/en\/","name":"Bernier Fournier Inc. - Avocats Drummondville","description":"Un cabinet d&#039;avocats passionn\u00e9s, investis et engag\u00e9s","publisher":{"@id":"https:\/\/www.bernierfournieravocats.com\/en\/#organization"},"potentialAction":[{"@type":"SearchAction","target":{"@type":"EntryPoint","urlTemplate":"https:\/\/www.bernierfournieravocats.com\/en\/?s={search_term_string}"},"query-input":{"@type":"PropertyValueSpecification","valueRequired":true,"valueName":"search_term_string"}}],"inLanguage":"en-CA"},{"@type":"Organization","@id":"https:\/\/www.bernierfournieravocats.com\/en\/#organization","name":"Bernier Fournier Avocats","url":"https:\/\/www.bernierfournieravocats.com\/en\/","logo":{"@type":"ImageObject","inLanguage":"en-CA","@id":"https:\/\/www.bernierfournieravocats.com\/en\/#\/schema\/logo\/image\/","url":"https:\/\/www.bernierfournieravocats.com\/wp-content\/uploads\/2021\/06\/logobf-new.png","contentUrl":"https:\/\/www.bernierfournieravocats.com\/wp-content\/uploads\/2021\/06\/logobf-new.png","width":249,"height":249,"caption":"Bernier Fournier Avocats"},"image":{"@id":"https:\/\/www.bernierfournieravocats.com\/en\/#\/schema\/logo\/image\/"},"sameAs":["https:\/\/www.facebook.com\/BernierFournier\/","https:\/\/x.com\/BernierFournier","https:\/\/www.linkedin.com\/company\/bernier-fournier"]},{"@type":"Person","@id":"https:\/\/www.bernierfournieravocats.com\/en\/#\/schema\/person\/0da6cc639802576700ed9150a76b6748","name":"Me Maxime Lauziere","image":{"@type":"ImageObject","inLanguage":"en-CA","@id":"https:\/\/www.bernierfournieravocats.com\/en\/#\/schema\/person\/image\/","url":"https:\/\/secure.gravatar.com\/avatar\/78d446cc330411aef4074c85da7fbcadda4072aa132f06bc38e82ffcbc33481c?s=96&d=mm&r=g","contentUrl":"https:\/\/secure.gravatar.com\/avatar\/78d446cc330411aef4074c85da7fbcadda4072aa132f06bc38e82ffcbc33481c?s=96&d=mm&r=g","caption":"Me Maxime Lauziere"},"sameAs":["https:\/\/www.bernierfournieravocats.com\/notre-equipe-avocat-drummondville\/me-maxime-lauziere\/","https:\/\/x.com\/MaxLauziere"],"url":"https:\/\/www.bernierfournieravocats.com\/en\/author\/mlauziere\/"}]}},"_links":{"self":[{"href":"https:\/\/www.bernierfournieravocats.com\/en\/wp-json\/wp\/v2\/posts\/6171","targetHints":{"allow":["GET"]}}],"collection":[{"href":"https:\/\/www.bernierfournieravocats.com\/en\/wp-json\/wp\/v2\/posts"}],"about":[{"href":"https:\/\/www.bernierfournieravocats.com\/en\/wp-json\/wp\/v2\/types\/post"}],"author":[{"embeddable":true,"href":"https:\/\/www.bernierfournieravocats.com\/en\/wp-json\/wp\/v2\/users\/10"}],"replies":[{"embeddable":true,"href":"https:\/\/www.bernierfournieravocats.com\/en\/wp-json\/wp\/v2\/comments?post=6171"}],"version-history":[{"count":1,"href":"https:\/\/www.bernierfournieravocats.com\/en\/wp-json\/wp\/v2\/posts\/6171\/revisions"}],"predecessor-version":[{"id":21331,"href":"https:\/\/www.bernierfournieravocats.com\/en\/wp-json\/wp\/v2\/posts\/6171\/revisions\/21331"}],"wp:featuredmedia":[{"embeddable":true,"href":"https:\/\/www.bernierfournieravocats.com\/en\/wp-json\/wp\/v2\/media\/11922"}],"wp:attachment":[{"href":"https:\/\/www.bernierfournieravocats.com\/en\/wp-json\/wp\/v2\/media?parent=6171"}],"wp:term":[{"taxonomy":"category","embeddable":true,"href":"https:\/\/www.bernierfournieravocats.com\/en\/wp-json\/wp\/v2\/categories?post=6171"},{"taxonomy":"post_tag","embeddable":true,"href":"https:\/\/www.bernierfournieravocats.com\/en\/wp-json\/wp\/v2\/tags?post=6171"}],"curies":[{"name":"wp","href":"https:\/\/api.w.org\/{rel}","templated":true}]}}